{"id":95,"date":"2022-11-04T19:45:06","date_gmt":"2022-11-04T19:45:06","guid":{"rendered":"https:\/\/comitedeenlaceinternacional-ior.com\/?p=95"},"modified":"2022-11-04T20:18:38","modified_gmt":"2022-11-04T20:18:38","slug":"bolivia-paro-civico-necesidad-de-la-independencia-politica-frente-a-los-civicos-y-al-mas","status":"publish","type":"post","link":"https:\/\/comitedeenlaceinternacional-ior.com\/index.php\/2022\/11\/04\/bolivia-paro-civico-necesidad-de-la-independencia-politica-frente-a-los-civicos-y-al-mas\/","title":{"rendered":"Bolivia:                                                                                Paro c\u00edvico: necesidad de la independencia pol\u00edtica frente a los c\u00edvicos y al MAS"},"content":{"rendered":"\n<p>El paro c\u00edvico de Oriente, que comenz\u00f3 el s\u00e1bado 22 de octubre, tiene como pretexto el Censo de poblaci\u00f3n. El DS 4760 establec\u00eda la fecha de realizaci\u00f3n del Censo para el a\u00f1o 2024. El comit\u00e9 c\u00edvico cruce\u00f1o exige que se realice en 2023. El Gobierno propuso entonces que la fecha fuera consensuada y definida luego de la evaluaci\u00f3n por parte de \u201cequipos t\u00e9cnicos\u201d. El gobernador de Santa Cruz Camacho rechaz\u00f3 \u00e9sta propuesta, dando inicio al paro.<\/p>\n\n\n\n<p>Los resultados del Censo definen la distribuci\u00f3n de recursos econ\u00f3micos y asignaciones presupuestarias, as\u00ed como las representaciones parlamentarias. Es importante el Censo, pero tanto el gobierno como la oposici\u00f3n crean la ilusi\u00f3n en la poblaci\u00f3n de que es un talism\u00e1n que resolver\u00e1 sus problemas. No es as\u00ed, los principales beneficiarios de esos recursos son los empresarios, y de los esca\u00f1os sus partidos.<\/p>\n\n\n\n<p>Recordemos que fue la derecha tradicional, que representa pol\u00edticamente a la agroindustria de Oriente, la que capitaliz\u00f3 en 2019 el descontento generado por el fraude, fundamentalmente en amplios sectores de clase media, y que, combin\u00e1ndolo con grupos paramilitares, mot\u00edn policial y pronunciamiento militar lograron finalmente derrocar al gobierno de Evo Morales. Son los mismos que comandan el paro actual. Luego de dejar que se queme el fusible de A\u00f1ez, (avalada como presidenta por el mismo MAS desde el Parlamento a la cabeza de Eva Copa y d\u00edas antes de la masacre de Senkata), esa facci\u00f3n se sigue fortaleciendo, conquistando importantes bastiones en alcald\u00edas y gobernaciones.<\/p>\n\n\n\n<p>Es justo decir que la agroindustria de Oriente es el sector de la burgues\u00eda nacional (totalmente subordinada al capital extranjero) m\u00e1s favorecido por el MAS en todos sus gobiernos (en un pr\u00f3ximo art enumeraremos todas las dadivas a este sector), no es de extra\u00f1ar que una vez que se sinti\u00f3 revitalizada -estuvo en coma tras la guerra del gas- volviera a levantar a sus partidos y referentes pol\u00edticos e intentara por cualquier medio hacerse del poder. Es en ese sentido que Camacho y cia aprovechan la excusa del censo para medir fuerzas con el gobierno.<\/p>\n\n\n\n<p>Ya en la primera jornada del paro se registr\u00f3 la muerte de un trabajador municipal que intentaba desbloquear. En el cuarto d\u00eda se produjeron enfrentamientos en la zona popular, Plan 3000, ubicada en el quinto anillo del departamento de Santa Cruz.<\/p>\n\n\n\n<p>El quinto d\u00eda (jueves 27) el gobierno prohibi\u00f3 temporalmente la exportaci\u00f3n de seis productos alimenticios b\u00e1sicos, incluidos soja, az\u00facar, carne de res, y aceite, argumentando riesgo de desabastecimiento. La prohibici\u00f3n a la soja duro menos de dos d\u00edas, demostrando que hay intereses que no se tocan. Mientras que bast\u00f3 la amenaza del transporte pesado de cerrar las fronteras para que el gobierno permitiera el paso de m\u00e1s de 700 camiones.<\/p>\n\n\n\n<p>El viernes 28 el gobierno llev\u00f3 a cabo en Cochabamba el encuentro denominado \u201ccenso con consenso\u201d, donde participaron m\u00e1s de 300 autoridades, entre ellas ochos gobernadores, y rectores de las diez universidades p\u00fablicas. El mismo resolvi\u00f3 dos variantes: 1) censo en abril de 2024 y redistribuci\u00f3n de recursos de coparticipaci\u00f3n tributaria en octubre de ese mismo a\u00f1o, o 2) una mesa t\u00e9cnica \u2013con participaci\u00f3n del Instituto Nacional de Estad\u00edstica (INE), el llamado Comit\u00e9 Interinstitucional y organismos internacionales- para definir la fecha de realizaci\u00f3n. Pero tambi\u00e9n este encuentro fue rechazado por el comit\u00e9 c\u00edvico cruce\u00f1o, continuando con el paro.<\/p>\n\n\n\n<p>Es destacable el rol del alcalde de Cochabamba, Manfred Reyes Villa, en ese encuentro. El asesino de campesinos en 2007 que tuvo que irse del pa\u00eds durante m\u00e1s de una d\u00e9cada, regreso con la impunidad pactada y garantizada por el gobierno. Este sujeto ya no es un fascista para el MAS, ahora es un aliado democr\u00e1tico \u00bfA cambio? De que no lo confronte. Como \u00e9l mismo gusta decir ahora: \u201cyo soy hoy amigo de la unidad, de la no confrontaci\u00f3n\u201d. Parece que 2007 ya quedo en el olvido para muchos.<\/p>\n\n\n\n<p>Si bien los cercos a Santa Cruz se efectuaron desde el comienzo, al octavo y noveno d\u00eda se fortalecieron con la afluencia de campesinos desde distintos puntos del pa\u00eds. Y al cierre de este art\u00edculo, el comit\u00e9 c\u00edvico cruce\u00f1o parec\u00eda comenzar a ceder pronunci\u00e1ndose a favor del dialogo.<\/p>\n\n\n\n<p><strong>Ahora bien \u00bfCu\u00e1l es la naturaleza de clase de este conflicto?<\/strong><\/p>\n\n\n\n<p>Antes de 2019 parec\u00eda claro, a cualquiera que se dijera de izquierda, que estas manifestaciones se enmarcaban en una lucha interburguesa, que el MAS h\u00e1bilmente propagandizaba como una polarizaci\u00f3n entre izquierda y derecha \u00a1Una falsa polarizaci\u00f3n! Grit\u00e1bamos al un\u00edsono. Desde entonces mucha agua ha corrido bajo el puente, y naturalmente, los programas escritos con l\u00e1piz y sobre papel no resisten el agua.<\/p>\n\n\n\n<p>Ahora resulta que para estas organizaciones centristas (mayoritariamente que se reivindican trotskistas) el mayor defecto del MAS es su capitulaci\u00f3n ante la \u201cderecha golpista\u201d. Lo m\u00e1s grave no es que de forma cobarde den a entender que es de izquierda sin decirlo, sino que eviten dar una definici\u00f3n clasista. Las pol\u00edticas anti obreras del gobierno ya no merecen tanto su atenci\u00f3n, les resulta m\u00e1s grave que no tenga la mano firme frente a Camacho y compa\u00f1\u00eda. Aquellos que se lamentan de que el partido que dio vida a la derecha tradicional tampoco se atreva a enfrentarla, han perdido la br\u00fajula de la lucha de clases y dif\u00edcilmente vuelvan a encontrarla.<\/p>\n\n\n\n<p>Claro que estos partidos afirman \u201cno darle el m\u00ednimo apoyo pol\u00edtico al MAS\u201d, pero se le subordinan en un movimiento que dirige, aplicando una especie de apoyo cr\u00edtico, donde \u201ctendremos diferencias, pero un enemigo en com\u00fan\u201d.<\/p>\n\n\n\n<p>Tambi\u00e9n se justifican afirmando que: \u201cexiste una amplia capa social que se opone al paro y no es masista\u201d. Eso es seguro, pero son dirigidos por el MAS. No hay, ni en un bando ni en el otro, sectores de trabajadores que est\u00e9n actuando bajo un programa independiente.<\/p>\n\n\n\n<p>Incluso, la toma de empresas y el cerco a Santa Cruz, que parecen m\u00e1s radicales de lo que querr\u00eda el gobierno, han sido contempladas desde el principio. Hace m\u00e1s de un mes el bur\u00f3crata masista de la CSUTSC Jorge Mercado dec\u00eda: \u201cEn caso de que este cabildo, propiciado por Fernando Camacho y R\u00f3mulo Calvo, determine paro c\u00edvico o toma de instituciones, nosotros vamos a hacer un cerco a Santa Cruz, y a tomar sus empresas, sus industrias\u201d<\/p>\n\n\n\n<p>Por otra parte, estas manifestaciones, entre las que destaca el ultim\u00e1tum dado por los Ponchos Rojos a Camacho el lunes, con la amenaza de copar Santa Cruz, tambi\u00e9n sirven para que el gobierno muestre m\u00fasculo en un momento donde se duda de su fuerza y de su cohesi\u00f3n.<\/p>\n\n\n\n<p>Pero en lo esencial, estas medidas radicales le sirven al gobierno para amenazar y luego retroceder y negociar. Utiliza para ello a los bur\u00f3cratas de los entes matrices de los obreros y campesinos, de los que se puede desmarcar llegado el momento, asumiendo una postura conciliadora.<\/p>\n\n\n\n<p>Destaca en ese sentido la utilizaci\u00f3n de Juan Carlos Huarachi, ejecutivo de la COB, otro personaje cuyo pasado fue convenientemente olvidado (pidi\u00f3 la renuncia a Morales y logr\u00f3 ser prorrogado por A\u00f1ez en 2019). En el marco del Pacto de Unidad convoca a movilizaciones hasta mediados de noviembre en los 9 departamentos.<\/p>\n\n\n\n<p>Sin refutar lo dicho, el hecho de que el paro perjudicara s\u00f3lo a los pobres, mientras la industrias segu\u00edan funcionando y despachando mercader\u00eda, gener\u00f3 enfrentamientos y de hecho fue la mayor debilidad del movimiento c\u00edvico al demostrar una fractura interna bajo l\u00edneas de clase. Sin un programa independiente, eso es claro, pero creando el escenario para intervenir en ese sentido.<\/p>\n\n\n\n<p>Se puede medir la bancarrota del centrismo comparando su accionar con el de la burocracia sindical alineada al gobierno. Estos \u00faltimos dejan pasar y hasta aprueban las pol\u00edticas anti obreras del MAS, pero son r\u00e1pidos para convocar a movilizarse a favor suyo contra el paro c\u00edvico. A aquellos les basta con bajar el volumen respecto a lo primero y poner el grito en el cielo sobre lo segundo. Algo es claro, la burocracia y el centrismo son la mayor traba para la conquista de la independencia pol\u00edtica de la clase obrera.<\/p>\n\n\n\n<p>La falta de independencia del movimiento se puede equiparar con agosto del 2020, donde, a pesar de que se masifico la consigna \u201cfuera A\u00f1ez\u201d que no era del gusto del MAS, igual no tuvo mayores dificultades para desmovilizar una vez que logr\u00f3 la convocatoria a elecciones.<\/p>\n\n\n\n<p><strong>El proyecto hist\u00f3rico de la burgues\u00eda cruce\u00f1a<\/strong><\/p>\n\n\n\n<p>La caracterizaci\u00f3n de esta pugna no estar\u00eda completa sin una radiograf\u00eda del proyecto burgu\u00e9s cruce\u00f1o. No se caracteriza por ser necesariamente fascista o democr\u00e1tico. A lo largo de las d\u00e9cadas se ha valido de todo tipo de reg\u00edmenes, pero siempre de acuerdo a la persecuci\u00f3n de un mismo proyecto. En la medida en que perdi\u00f3 el control del Estado y comprende la dificultad de reconquistarlo y sobre todo de mantenerlo, desarrolla la opci\u00f3n del separatismo.<\/p>\n\n\n\n<p>Las autonom\u00edas le dan un margen limitado en tanto las regulaciones con el mercado mundial pasan por el Estado central. Entonces desarrolla la consigna de Federalismo, que en su devenir es una escalera al separatismo.<\/p>\n\n\n\n<p>El racismo de esta burgues\u00eda no es \u00fanicamente un aspecto psicol\u00f3gico reaccionario de sus l\u00edderes. Es, ante todo, una necesidad de su proyecto, de erigir la \u201cnaci\u00f3n camba\u201d creando un sentimiento de pertenencia (chauvinista) de los explotados cruce\u00f1os que les haga admisible este proyecto burgu\u00e9s, reaccionario hasta la medula.<\/p>\n\n\n\n<p>Habr\u00e1 quienes vean en esto un argumento m\u00e1s para cerrar filas con el MAS. Otro grosero error. Ya conocemos la forma burguesa (masista) de \u201cenfrentar\u201d al separatismo. En 2008, y tras disponer de 5 a\u00f1os de una correlaci\u00f3n de fuerzas favorable para aplastar a esta burgues\u00eda cruce\u00f1a (que vi\u00e9ndose amenazada despleg\u00f3 como nunca antes su proyecto separatista), el MAS negoci\u00f3 con ella el texto de la Constituci\u00f3n Pol\u00edtica del Estado, preservando a los latifundistas y salvando as\u00ed al capitalismo de su crisis. No pod\u00eda obrar de otro modo de acuerdo a su naturaleza de clase.<\/p>\n\n\n\n<p>Partidos que levantan la consigna de la Constituyente, como si no se tratara de una instituci\u00f3n burguesa sino de un car\u00e1cter indeterminado, y luego lloran sobre la leche derramada acusando al MAS de traici\u00f3n, enga\u00f1an al proletariado. El MAS negocia y capitula ante otras variantes burguesas porque es fiel a su naturaleza de clase, por el mismo motivo despliega su pol\u00edtica anti obrera. Exigirle otro comportamiento es sembrar ilusiones en sus posibilidades.<\/p>\n\n\n\n<p>En definitiva, el proyecto separatista de la burgues\u00eda cruce\u00f1a, vuelve a expresarse con repugnantes manifestaciones racistas y por supuesto, genera el merecido repudio de los sectores m\u00e1s empobrecidos tanto de Santa cruz como del pa\u00eds, hecho que es aprovechado y manipulado por el MAS.<\/p>\n\n\n\n<p><strong>Hay que desplegar una pol\u00edtica de independencia de clase que tome en cuenta la situaci\u00f3n internacional<\/strong><\/p>\n\n\n\n<p>Ahora bien, no se puede descartar que, de escalar el conflicto, empiecen a intervenir trabajadores independientes en mayor medida, y no s\u00f3lo en Santa Cruz como hasta ahora \u00bfCu\u00e1l es la pol\u00edtica adecuada? Evidentemente no podemos limitarnos a decirles lo que ya saben. Que Camacho, Calvo y los comit\u00e9s c\u00edvicos representan a la derecha racista y separatista que organiza grupos para militares.<\/p>\n\n\n\n<p>Adem\u00e1s, hay que disputarle la direcci\u00f3n al MAS, y para ello denunciar que es una direcci\u00f3n que capitula es apenas un aspecto. Es, ante todo, el partido que est\u00e1 llevando adelante la pol\u00edtica anti obrera en favor del imperialismo, que se expresa en: inflaci\u00f3n de art\u00edculos de primera necesidad, despidos masivos que pasan impunemente, vulneraci\u00f3n de derechos flagrante, aumento de la informalidad, un sistema de salud p\u00fablico inoperante que condena a muerte a familiares, por mencionar algunos puntos (ver art \u201chablemos tambi\u00e9n de la gestora\u201d en esta revista). Y en plano sindical: cooptaci\u00f3n, paralelismo, desconocimiento y persecuci\u00f3n a dirigentes opositores.<\/p>\n\n\n\n<p>Tal como alertamos en el art \u201cLa situaci\u00f3n internacional\u2026\u201d en \u00e9sta revista, la situaci\u00f3n mundial se impone en las pol\u00edticas nacionales. Los pa\u00edses de la regi\u00f3n, sin importar la ideolog\u00eda que digan tener, se van alineando a USA de cara a la guerra mundial que ya golpea a la puerta. El gobierno de Arce no es la excepci\u00f3n y ante todo intenta convencer al imperialismo de que no es necesario otro partido, que puede girar tan a derecha como le exija la situaci\u00f3n. Desde luego tiene l\u00edmites, el MAS no puede ser fascista, pero si puede ser un bonapartismo policial.<\/p>\n\n\n\n<p>Tal como lo confirma la historia de todos los pa\u00edses, la derechizaci\u00f3n de un Gobierno que chantajea a los trabajadores con el riesgo de que asuma otro m\u00e1s reaccionario es una espiral reaccionaria que conduce al fascismo si es que la crisis capitalista lo exige. Hay una y solo una fuerza social capaz de evitarlo, la clase obrera organizada en partido revolucionario.<\/p>\n\n\n\n<p>Cuando intervenimos en el movimiento contra los comit\u00e9s c\u00edvicos hay que alertar sobre esta realidad, obviamente nos exponemos a la ira de los grupos de choque del MAS y sus bur\u00f3cratas, \u00bfQu\u00e9 va a ser? Sabemos que siempre es m\u00e1s c\u00f3modo marchar de la mano con ellos.<\/p>\n\n\n\n<p>En concreto, es necesario que los explotados y empobrecidos del pa\u00eds esclarezcamos que la actual disputa entre \u201cmasistas\u201d y \u201ccamachistas\u201d en lo fundamental es por la de administraci\u00f3n de recursos econ\u00f3micos en favor de su facci\u00f3n burguesa, en contra de los explotados, empobrecidos y oprimidos hist\u00f3ricamente; debemos ser conscientes que, tanto el MAS como Camacho-Calvo, pretenden seguir entregando nuestros recursos econ\u00f3micos a los pa\u00edses imperialistas.<\/p>\n\n\n\n<p><strong>El proletariado debe levantar su propio partido revolucionario<\/strong><\/p>\n\n\n\n<p>S\u00f3lo la lucha independiente de los trabajadores en defensa de sus derechos y por mejores condiciones de vida puede enfrentar la pol\u00edtica anti obrera del gobierno, para ello es fundamental recuperar a sus entes matrices, sobre todo la COB. Esto en el marco de la lucha sindical. Mientras que necesita organizarse en partido revolucionario para desplegar una lucha pol\u00edtica contra todas las variantes burguesas. Para arrancar a los sectores de la clase obrera y de la peque\u00f1a burgues\u00eda empobrecida de la influencia de los partidos que hoy los usan como carne de ca\u00f1\u00f3n.<\/p>\n\n\n\n<p>El proletariado no debe esperar nada de un gobierno burgu\u00e9s, toda conquista le ha sido arrebatada, el fuego revolucionario de la guerra del gas no se apagaba sin algunas concesiones. El proletariado debe organizarse independientemente para hacerle frente tanto al MAS como a las dem\u00e1s variantes burguesas, entre las que hoy destacan las que comanda Camacho. Es su deber ineludible y no puede esperanzarse con que otro sujeto social lo realice en su lugar.<\/p>\n\n\n\n<p>El partido debe trazar una pol\u00edtica revolucionaria que materialice las tareas democr\u00e1tico burguesas y las vincule con las tareas socialistas para planificar la econom\u00eda, cuyos pilares fundamentales sean:<\/p>\n\n\n\n<ul><li>La reforma agraria que expropie tierras a todos los latifundistas, creando las haciendas estatales en pos de la soberan\u00eda alimentaria.<\/li><li>Expropiaci\u00f3n de todas las empresas productivas estrat\u00e9gicas del pa\u00eds y nacionalizaci\u00f3n bajo control obrero.<\/li><li>Desarrollo de las fuerzas productivas, es decir, impulsar la industrializaci\u00f3n de la miner\u00eda, los hidrocarburos, el litio bajo control obrero-social.<\/li><li>Creaci\u00f3n del sistema financiero \u00fanico estatal, que trace la pol\u00edtica financiera, crediticia y monetaria en funci\u00f3n a los intereses del pueblo.<\/li><li>Monopolio estatal del comercio exterior, acabando con los grandes contrabandistas y especuladores.<\/li><\/ul>\n\n\n\n<p>Estas son tareas transitorias que permitan la consecuci\u00f3n de un Estado Obrero en transici\u00f3n al socialismo. Su materializaci\u00f3n no ser\u00e1 posible sin la alianza revolucionaria obrero-campesina.<\/p>\n\n\n\n<p><strong>Joaco y Gabriel \/ FSR-BOP Jaime Zavaleta<\/strong>, 2\/11\/22<\/p>\n","protected":false},"excerpt":{"rendered":"<p>El paro c\u00edvico de Oriente, que comenz\u00f3 el s\u00e1bado 22 de octubre, tiene como pretexto el Censo de poblaci\u00f3n. El DS 4760 establec\u00eda la fecha de realizaci\u00f3n del Censo para el a\u00f1o 2024. El comit\u00e9 c\u00edvico cruce\u00f1o exige que se&#8230;<\/p>\n","protected":false},"author":3,"featured_media":96,"comment_status":"open","ping_status":"open","sticky":false,"template":"","format":"standard","meta":{"om_disable_all_campaigns":false,"_monsterinsights_skip_tracking":false,"_monsterinsights_sitenote_active":false,"_monsterinsights_sitenote_note":"","_monsterinsights_sitenote_category":0,"footnotes":""},"categories":[10],"tags":[],"yoast_head":"<!-- This site is optimized with the Yoast SEO plugin v19.10 - https:\/\/yoast.com\/wordpress\/plugins\/seo\/ -->\n<title>Bolivia:                                        Paro c\u00edvico: necesidad de la independencia pol\u00edtica frente a los c\u00edvicos y al MAS | Comite de Enlace Internacional ior<\/title>\n<meta name=\"robots\" content=\"index, follow, max-snippet:-1, max-image-preview:large, max-video-preview:-1\" \/>\n<link rel=\"canonical\" href=\"https:\/\/comitedeenlaceinternacional-ior.com\/index.php\/2022\/11\/04\/bolivia-paro-civico-necesidad-de-la-independencia-politica-frente-a-los-civicos-y-al-mas\/\" \/>\n<meta property=\"og:locale\" content=\"es_ES\" \/>\n<meta property=\"og:type\" content=\"article\" \/>\n<meta property=\"og:title\" content=\"Bolivia:                                        Paro c\u00edvico: necesidad de la independencia pol\u00edtica frente a los c\u00edvicos y al MAS | Comite de Enlace Internacional ior\" \/>\n<meta property=\"og:description\" content=\"El paro c\u00edvico de Oriente, que comenz\u00f3 el s\u00e1bado 22 de octubre, tiene como pretexto el Censo de poblaci\u00f3n. El DS 4760 establec\u00eda la fecha de realizaci\u00f3n del Censo para el a\u00f1o 2024. El comit\u00e9 c\u00edvico cruce\u00f1o exige que se...\" \/>\n<meta property=\"og:url\" content=\"https:\/\/comitedeenlaceinternacional-ior.com\/index.php\/2022\/11\/04\/bolivia-paro-civico-necesidad-de-la-independencia-politica-frente-a-los-civicos-y-al-mas\/\" \/>\n<meta property=\"og:site_name\" content=\"Comite de Enlace Internacional ior\" \/>\n<meta property=\"article:published_time\" content=\"2022-11-04T19:45:06+00:00\" \/>\n<meta property=\"article:modified_time\" content=\"2022-11-04T20:18:38+00:00\" \/>\n<meta property=\"og:image\" content=\"https:\/\/comitedeenlaceinternacional-ior.com\/wp-content\/uploads\/2022\/11\/paro-civico-22.jpg\" \/>\n\t<meta property=\"og:image:width\" content=\"992\" \/>\n\t<meta property=\"og:image:height\" content=\"558\" \/>\n\t<meta property=\"og:image:type\" content=\"image\/jpeg\" \/>\n<meta name=\"author\" content=\"Antonio-Bormida\" \/>\n<meta name=\"twitter:card\" content=\"summary_large_image\" \/>\n<meta name=\"twitter:label1\" content=\"Escrito por\" \/>\n\t<meta name=\"twitter:data1\" content=\"Antonio-Bormida\" \/>\n\t<meta name=\"twitter:label2\" content=\"Tiempo de lectura\" \/>\n\t<meta name=\"twitter:data2\" content=\"14 minutos\" \/>\n<script type=\"application\/ld+json\" class=\"yoast-schema-graph\">{\"@context\":\"https:\/\/schema.org\",\"@graph\":[{\"@type\":\"Article\",\"@id\":\"https:\/\/comitedeenlaceinternacional-ior.com\/index.php\/2022\/11\/04\/bolivia-paro-civico-necesidad-de-la-independencia-politica-frente-a-los-civicos-y-al-mas\/#article\",\"isPartOf\":{\"@id\":\"https:\/\/comitedeenlaceinternacional-ior.com\/index.php\/2022\/11\/04\/bolivia-paro-civico-necesidad-de-la-independencia-politica-frente-a-los-civicos-y-al-mas\/\"},\"author\":{\"name\":\"Antonio-Bormida\",\"@id\":\"https:\/\/comitedeenlaceinternacional-ior.com\/#\/schema\/person\/f075772efef16f8990bedf676dfa4acf\"},\"headline\":\"Bolivia: Paro c\u00edvico: necesidad de la independencia pol\u00edtica frente a los c\u00edvicos y al MAS\",\"datePublished\":\"2022-11-04T19:45:06+00:00\",\"dateModified\":\"2022-11-04T20:18:38+00:00\",\"mainEntityOfPage\":{\"@id\":\"https:\/\/comitedeenlaceinternacional-ior.com\/index.php\/2022\/11\/04\/bolivia-paro-civico-necesidad-de-la-independencia-politica-frente-a-los-civicos-y-al-mas\/\"},\"wordCount\":2732,\"commentCount\":0,\"publisher\":{\"@id\":\"https:\/\/comitedeenlaceinternacional-ior.com\/#organization\"},\"articleSection\":[\"Am\u00e9rica Latina\"],\"inLanguage\":\"es-AR\",\"potentialAction\":[{\"@type\":\"CommentAction\",\"name\":\"Comment\",\"target\":[\"https:\/\/comitedeenlaceinternacional-ior.com\/index.php\/2022\/11\/04\/bolivia-paro-civico-necesidad-de-la-independencia-politica-frente-a-los-civicos-y-al-mas\/#respond\"]}]},{\"@type\":\"WebPage\",\"@id\":\"https:\/\/comitedeenlaceinternacional-ior.com\/index.php\/2022\/11\/04\/bolivia-paro-civico-necesidad-de-la-independencia-politica-frente-a-los-civicos-y-al-mas\/\",\"url\":\"https:\/\/comitedeenlaceinternacional-ior.com\/index.php\/2022\/11\/04\/bolivia-paro-civico-necesidad-de-la-independencia-politica-frente-a-los-civicos-y-al-mas\/\",\"name\":\"Bolivia: Paro c\u00edvico: necesidad de la independencia pol\u00edtica frente a los c\u00edvicos y al MAS | Comite de Enlace Internacional ior\",\"isPartOf\":{\"@id\":\"https:\/\/comitedeenlaceinternacional-ior.com\/#website\"},\"datePublished\":\"2022-11-04T19:45:06+00:00\",\"dateModified\":\"2022-11-04T20:18:38+00:00\",\"breadcrumb\":{\"@id\":\"https:\/\/comitedeenlaceinternacional-ior.com\/index.php\/2022\/11\/04\/bolivia-paro-civico-necesidad-de-la-independencia-politica-frente-a-los-civicos-y-al-mas\/#breadcrumb\"},\"inLanguage\":\"es-AR\",\"potentialAction\":[{\"@type\":\"ReadAction\",\"target\":[\"https:\/\/comitedeenlaceinternacional-ior.com\/index.php\/2022\/11\/04\/bolivia-paro-civico-necesidad-de-la-independencia-politica-frente-a-los-civicos-y-al-mas\/\"]}]},{\"@type\":\"BreadcrumbList\",\"@id\":\"https:\/\/comitedeenlaceinternacional-ior.com\/index.php\/2022\/11\/04\/bolivia-paro-civico-necesidad-de-la-independencia-politica-frente-a-los-civicos-y-al-mas\/#breadcrumb\",\"itemListElement\":[{\"@type\":\"ListItem\",\"position\":1,\"name\":\"Inicio\",\"item\":\"https:\/\/comitedeenlaceinternacional-ior.com\/\"},{\"@type\":\"ListItem\",\"position\":2,\"name\":\"Bolivia: Paro c\u00edvico: necesidad de la independencia pol\u00edtica frente a los c\u00edvicos y al MAS\"}]},{\"@type\":\"WebSite\",\"@id\":\"https:\/\/comitedeenlaceinternacional-ior.com\/#website\",\"url\":\"https:\/\/comitedeenlaceinternacional-ior.com\/\",\"name\":\"Comite de Enlace Internacional ior\",\"description\":\"Comite de Enlace Internacional ior\",\"publisher\":{\"@id\":\"https:\/\/comitedeenlaceinternacional-ior.com\/#organization\"},\"potentialAction\":[{\"@type\":\"SearchAction\",\"target\":{\"@type\":\"EntryPoint\",\"urlTemplate\":\"https:\/\/comitedeenlaceinternacional-ior.com\/?s={search_term_string}\"},\"query-input\":\"required name=search_term_string\"}],\"inLanguage\":\"es-AR\"},{\"@type\":\"Organization\",\"@id\":\"https:\/\/comitedeenlaceinternacional-ior.com\/#organization\",\"name\":\"Comite de Enlace Internacional ior\",\"url\":\"https:\/\/comitedeenlaceinternacional-ior.com\/\",\"logo\":{\"@type\":\"ImageObject\",\"inLanguage\":\"es-AR\",\"@id\":\"https:\/\/comitedeenlaceinternacional-ior.com\/#\/schema\/logo\/image\/\",\"url\":\"https:\/\/comitedeenlaceinternacional-ior.com\/wp-content\/uploads\/2022\/09\/cropped-comite4.png\",\"contentUrl\":\"https:\/\/comitedeenlaceinternacional-ior.com\/wp-content\/uploads\/2022\/09\/cropped-comite4.png\",\"width\":1273,\"height\":278,\"caption\":\"Comite de Enlace Internacional ior\"},\"image\":{\"@id\":\"https:\/\/comitedeenlaceinternacional-ior.com\/#\/schema\/logo\/image\/\"}},{\"@type\":\"Person\",\"@id\":\"https:\/\/comitedeenlaceinternacional-ior.com\/#\/schema\/person\/f075772efef16f8990bedf676dfa4acf\",\"name\":\"Antonio-Bormida\",\"image\":{\"@type\":\"ImageObject\",\"inLanguage\":\"es-AR\",\"@id\":\"https:\/\/comitedeenlaceinternacional-ior.com\/#\/schema\/person\/image\/\",\"url\":\"https:\/\/secure.gravatar.com\/avatar\/101f61c74ce9a41a22057589785a158d?s=96&d=mm&r=g\",\"contentUrl\":\"https:\/\/secure.gravatar.com\/avatar\/101f61c74ce9a41a22057589785a158d?s=96&d=mm&r=g\",\"caption\":\"Antonio-Bormida\"},\"url\":\"https:\/\/comitedeenlaceinternacional-ior.com\/index.php\/author\/antonio-bormida\/\"}]}<\/script>\n<!-- \/ Yoast SEO plugin. -->","yoast_head_json":{"title":"Bolivia:                                        Paro c\u00edvico: necesidad de la independencia pol\u00edtica frente a los c\u00edvicos y al MAS | Comite de Enlace Internacional ior","robots":{"index":"index","follow":"follow","max-snippet":"max-snippet:-1","max-image-preview":"max-image-preview:large","max-video-preview":"max-video-preview:-1"},"canonical":"https:\/\/comitedeenlaceinternacional-ior.com\/index.php\/2022\/11\/04\/bolivia-paro-civico-necesidad-de-la-independencia-politica-frente-a-los-civicos-y-al-mas\/","og_locale":"es_ES","og_type":"article","og_title":"Bolivia:                                        Paro c\u00edvico: necesidad de la independencia pol\u00edtica frente a los c\u00edvicos y al MAS | Comite de Enlace Internacional ior","og_description":"El paro c\u00edvico de Oriente, que comenz\u00f3 el s\u00e1bado 22 de octubre, tiene como pretexto el Censo de poblaci\u00f3n. El DS 4760 establec\u00eda la fecha de realizaci\u00f3n del Censo para el a\u00f1o 2024. El comit\u00e9 c\u00edvico cruce\u00f1o exige que se...","og_url":"https:\/\/comitedeenlaceinternacional-ior.com\/index.php\/2022\/11\/04\/bolivia-paro-civico-necesidad-de-la-independencia-politica-frente-a-los-civicos-y-al-mas\/","og_site_name":"Comite de Enlace Internacional ior","article_published_time":"2022-11-04T19:45:06+00:00","article_modified_time":"2022-11-04T20:18:38+00:00","og_image":[{"width":992,"height":558,"url":"https:\/\/comitedeenlaceinternacional-ior.com\/wp-content\/uploads\/2022\/11\/paro-civico-22.jpg","type":"image\/jpeg"}],"author":"Antonio-Bormida","twitter_card":"summary_large_image","twitter_misc":{"Escrito por":"Antonio-Bormida","Tiempo de lectura":"14 minutos"},"schema":{"@context":"https:\/\/schema.org","@graph":[{"@type":"Article","@id":"https:\/\/comitedeenlaceinternacional-ior.com\/index.php\/2022\/11\/04\/bolivia-paro-civico-necesidad-de-la-independencia-politica-frente-a-los-civicos-y-al-mas\/#article","isPartOf":{"@id":"https:\/\/comitedeenlaceinternacional-ior.com\/index.php\/2022\/11\/04\/bolivia-paro-civico-necesidad-de-la-independencia-politica-frente-a-los-civicos-y-al-mas\/"},"author":{"name":"Antonio-Bormida","@id":"https:\/\/comitedeenlaceinternacional-ior.com\/#\/schema\/person\/f075772efef16f8990bedf676dfa4acf"},"headline":"Bolivia: Paro c\u00edvico: necesidad de la independencia pol\u00edtica frente a los c\u00edvicos y al MAS","datePublished":"2022-11-04T19:45:06+00:00","dateModified":"2022-11-04T20:18:38+00:00","mainEntityOfPage":{"@id":"https:\/\/comitedeenlaceinternacional-ior.com\/index.php\/2022\/11\/04\/bolivia-paro-civico-necesidad-de-la-independencia-politica-frente-a-los-civicos-y-al-mas\/"},"wordCount":2732,"commentCount":0,"publisher":{"@id":"https:\/\/comitedeenlaceinternacional-ior.com\/#organization"},"articleSection":["Am\u00e9rica Latina"],"inLanguage":"es-AR","potentialAction":[{"@type":"CommentAction","name":"Comment","target":["https:\/\/comitedeenlaceinternacional-ior.com\/index.php\/2022\/11\/04\/bolivia-paro-civico-necesidad-de-la-independencia-politica-frente-a-los-civicos-y-al-mas\/#respond"]}]},{"@type":"WebPage","@id":"https:\/\/comitedeenlaceinternacional-ior.com\/index.php\/2022\/11\/04\/bolivia-paro-civico-necesidad-de-la-independencia-politica-frente-a-los-civicos-y-al-mas\/","url":"https:\/\/comitedeenlaceinternacional-ior.com\/index.php\/2022\/11\/04\/bolivia-paro-civico-necesidad-de-la-independencia-politica-frente-a-los-civicos-y-al-mas\/","name":"Bolivia: Paro c\u00edvico: necesidad de la independencia pol\u00edtica frente a los c\u00edvicos y al MAS | Comite de Enlace Internacional ior","isPartOf":{"@id":"https:\/\/comitedeenlaceinternacional-ior.com\/#website"},"datePublished":"2022-11-04T19:45:06+00:00","dateModified":"2022-11-04T20:18:38+00:00","breadcrumb":{"@id":"https:\/\/comitedeenlaceinternacional-ior.com\/index.php\/2022\/11\/04\/bolivia-paro-civico-necesidad-de-la-independencia-politica-frente-a-los-civicos-y-al-mas\/#breadcrumb"},"inLanguage":"es-AR","potentialAction":[{"@type":"ReadAction","target":["https:\/\/comitedeenlaceinternacional-ior.com\/index.php\/2022\/11\/04\/bolivia-paro-civico-necesidad-de-la-independencia-politica-frente-a-los-civicos-y-al-mas\/"]}]},{"@type":"BreadcrumbList","@id":"https:\/\/comitedeenlaceinternacional-ior.com\/index.php\/2022\/11\/04\/bolivia-paro-civico-necesidad-de-la-independencia-politica-frente-a-los-civicos-y-al-mas\/#breadcrumb","itemListElement":[{"@type":"ListItem","position":1,"name":"Inicio","item":"https:\/\/comitedeenlaceinternacional-ior.com\/"},{"@type":"ListItem","position":2,"name":"Bolivia: Paro c\u00edvico: necesidad de la independencia pol\u00edtica frente a los c\u00edvicos y al MAS"}]},{"@type":"WebSite","@id":"https:\/\/comitedeenlaceinternacional-ior.com\/#website","url":"https:\/\/comitedeenlaceinternacional-ior.com\/","name":"Comite de Enlace Internacional ior","description":"Comite de Enlace Internacional ior","publisher":{"@id":"https:\/\/comitedeenlaceinternacional-ior.com\/#organization"},"potentialAction":[{"@type":"SearchAction","target":{"@type":"EntryPoint","urlTemplate":"https:\/\/comitedeenlaceinternacional-ior.com\/?s={search_term_string}"},"query-input":"required name=search_term_string"}],"inLanguage":"es-AR"},{"@type":"Organization","@id":"https:\/\/comitedeenlaceinternacional-ior.com\/#organization","name":"Comite de Enlace Internacional ior","url":"https:\/\/comitedeenlaceinternacional-ior.com\/","logo":{"@type":"ImageObject","inLanguage":"es-AR","@id":"https:\/\/comitedeenlaceinternacional-ior.com\/#\/schema\/logo\/image\/","url":"https:\/\/comitedeenlaceinternacional-ior.com\/wp-content\/uploads\/2022\/09\/cropped-comite4.png","contentUrl":"https:\/\/comitedeenlaceinternacional-ior.com\/wp-content\/uploads\/2022\/09\/cropped-comite4.png","width":1273,"height":278,"caption":"Comite de Enlace Internacional ior"},"image":{"@id":"https:\/\/comitedeenlaceinternacional-ior.com\/#\/schema\/logo\/image\/"}},{"@type":"Person","@id":"https:\/\/comitedeenlaceinternacional-ior.com\/#\/schema\/person\/f075772efef16f8990bedf676dfa4acf","name":"Antonio-Bormida","image":{"@type":"ImageObject","inLanguage":"es-AR","@id":"https:\/\/comitedeenlaceinternacional-ior.com\/#\/schema\/person\/image\/","url":"https:\/\/secure.gravatar.com\/avatar\/101f61c74ce9a41a22057589785a158d?s=96&d=mm&r=g","contentUrl":"https:\/\/secure.gravatar.com\/avatar\/101f61c74ce9a41a22057589785a158d?s=96&d=mm&r=g","caption":"Antonio-Bormida"},"url":"https:\/\/comitedeenlaceinternacional-ior.com\/index.php\/author\/antonio-bormida\/"}]}},"_links":{"self":[{"href":"https:\/\/comitedeenlaceinternacional-ior.com\/index.php\/wp-json\/wp\/v2\/posts\/95"}],"collection":[{"href":"https:\/\/comitedeenlaceinternacional-ior.com\/index.php\/wp-json\/wp\/v2\/posts"}],"about":[{"href":"https:\/\/comitedeenlaceinternacional-ior.com\/index.php\/wp-json\/wp\/v2\/types\/post"}],"author":[{"embeddable":true,"href":"https:\/\/comitedeenlaceinternacional-ior.com\/index.php\/wp-json\/wp\/v2\/users\/3"}],"replies":[{"embeddable":true,"href":"https:\/\/comitedeenlaceinternacional-ior.com\/index.php\/wp-json\/wp\/v2\/comments?post=95"}],"version-history":[{"count":3,"href":"https:\/\/comitedeenlaceinternacional-ior.com\/index.php\/wp-json\/wp\/v2\/posts\/95\/revisions"}],"predecessor-version":[{"id":105,"href":"https:\/\/comitedeenlaceinternacional-ior.com\/index.php\/wp-json\/wp\/v2\/posts\/95\/revisions\/105"}],"wp:featuredmedia":[{"embeddable":true,"href":"https:\/\/comitedeenlaceinternacional-ior.com\/index.php\/wp-json\/wp\/v2\/media\/96"}],"wp:attachment":[{"href":"https:\/\/comitedeenlaceinternacional-ior.com\/index.php\/wp-json\/wp\/v2\/media?parent=95"}],"wp:term":[{"taxonomy":"category","embeddable":true,"href":"https:\/\/comitedeenlaceinternacional-ior.com\/index.php\/wp-json\/wp\/v2\/categories?post=95"},{"taxonomy":"post_tag","embeddable":true,"href":"https:\/\/comitedeenlaceinternacional-ior.com\/index.php\/wp-json\/wp\/v2\/tags?post=95"}],"curies":[{"name":"wp","href":"https:\/\/api.w.org\/{rel}","templated":true}]}}