{"id":262,"date":"2024-12-21T11:25:30","date_gmt":"2024-12-21T11:25:30","guid":{"rendered":"https:\/\/comitedeenlaceinternacional-ior.com\/?p=262"},"modified":"2024-12-21T11:44:22","modified_gmt":"2024-12-21T11:44:22","slug":"guerra-en-el-mas-en-medio-de-la-profundizacion-de-la-crisis-economica","status":"publish","type":"post","link":"https:\/\/comitedeenlaceinternacional-ior.com\/index.php\/2024\/12\/21\/guerra-en-el-mas-en-medio-de-la-profundizacion-de-la-crisis-economica\/","title":{"rendered":"Bolivia: Guerra en el MAS en medio de la profundizaci\u00f3n de la crisis econ\u00f3mica"},"content":{"rendered":"\n<p><strong>Necesitamos construir un partido revolucionario de los trabajadores<\/strong><\/p>\n\n\n\n<p><strong>Los \u201crenovadores\u201d del MAS pasan a la ofensiva contra el evismo:<\/strong><\/p>\n\n\n\n<p>En octubre el evismo considero que era el momento de medir fuerzas con el gobierno. Sostuvo un bloqueo de carreteras durante 24 d\u00edas. En el medio se tomaron 3 cuarteles en el Chapare y el 27 de octubre fue baleado por la polic\u00eda el veh\u00edculo en el que viajaba Evo Morales.<\/p>\n\n\n\n<p>La movilizaci\u00f3n fue con el prop\u00f3sito de evitar la aprehensi\u00f3n del ex presidente por no presentarse ante fiscal\u00eda por una causa que lo acusa de estupro y por convalidar el Congreso del partido de 2023 que lo eligi\u00f3 candidato presidencial.<\/p>\n\n\n\n<p>Pero a pesar de que la medida tuvo su fuerza y radicalizaci\u00f3n, y de que hab\u00eda incorporado demandas socioecon\u00f3micas sensibles para las mayor\u00edas, no se expandi\u00f3 m\u00e1s all\u00e1 del departamento de Cochambamba y en particular de la regi\u00f3n del Chapare. Finalmente tuvieron que ceder y levantar las medidas de fuerza. Que las masas no hayan salido a apoyar a Evo ni siquiera luego de la balacera, ni como medio para buscar soluci\u00f3n a sus propias demandas, demuestra que ya no se sienten representadas por su figura.<\/p>\n\n\n\n<p>El gobierno tomo nota de esta debilidad y en noviembre pas\u00f3 al contraataque. Sali\u00f3 el dictamen del Tribunal Constitucional Plurinacional (TCP) que proh\u00edbe m\u00e1s de una reelecci\u00f3n continua o discontinua, lo que imposibilita la candidatura de Morales, mientras que el Tribunal Supremo Electoral (TSE) reconoci\u00f3 al oficialista Grover Garc\u00eda como presidente del MAS al validar un Congreso realizado en El Alto al principio del mes.<\/p>\n\n\n\n<p>Pese a estas resoluciones, el expresidente declar\u00f3 que ser\u00e1 candidato presidencial con la sigla del MAS o sin ella. \u201cNosotros vamos a participar en las elecciones nacionales con el MAS-IPSP, si ganamos esta batalla jur\u00eddica y, si no, igual ser\u00e1 con sigla prestada, regalada; eso no es problema.\u201d dijo en su programa dominical de radio Kawsachun Coca.<\/p>\n\n\n\n<p>A pesar de su optimismo sabe muy bien que para lograr ser candidato (incluso con otra sigla) necesita una demostraci\u00f3n de fuerza m\u00e1s contundente que la de octubre. Mientras que su reconocimiento de que empez\u00f3 a buscar otra sigla es la confesi\u00f3n t\u00e1cita de que perdi\u00f3 la lucha por el partido y aunque ahora intente bajarle el precio al uso de la sigla lo cierto es que fue el eje en torno al que giro la lucha masista los \u00faltimos dos a\u00f1os.<\/p>\n\n\n\n<p>La ofensiva del gobierno continu\u00f3 con la detenci\u00f3n de Humberto Claros de la CSUTCB y de Ramiro Cucho de la CONAMAQ de Norte Potos\u00ed, seguido de una seguidilla de operaciones judiciales contra otros representantes del evismo acusados por terrorismo. Mediando diciembre se avanz\u00f3 en la causa por estupro y trata contra Morales, el lunes 15, el fiscal general del Estado, Roger Mariaca, anunci\u00f3 que se pedir\u00e1 la detenci\u00f3n preventiva de Morales \u201cpor seis meses en una c\u00e1rcel p\u00fablica\u201d. El ex mandatario continua atrincherado en el Chapare.<\/p>\n\n\n\n<p><strong>Un a\u00f1o signado por la lucha interna del MAS<\/strong>:<\/p>\n\n\n\n<p>Todo el a\u00f1o ha estado signado por la pugna entre la fracci\u00f3n evista y el gobierno por el control del partido. Recordemos que en enero ya hubo 12 d\u00edas de bloqueos.<\/p>\n\n\n\n<p>Luego, el 26 de junio tanquetas militares cercaban la plaza Murillo e ingresaban al palacio de gobierno al mando del general Juan Jos\u00e9 Z\u00fa\u00f1iga. La alerta por un golpe de estado en curso repercuti\u00f3 r\u00e1pidamente en el pa\u00eds y toda la regi\u00f3n. Pero con el correr de las horas todo quedo en un gran signo de interrogaci\u00f3n de que haya sido un montaje del propio gobierno, argumentos no faltan.<\/p>\n\n\n\n<p>Lo cierto es que Z\u00fa\u00f1iga era los d\u00edas previos el m\u00e1s ferviente enemigo de Evo Morales con un protagonismo y un nivel de confrontaci\u00f3n medi\u00e1tica que quiz\u00e1 Arce haya juzgado excesivo, habiendo tomado la decisi\u00f3n de apartarlo del cargo. El hecho nunca quedo esclarecido del todo, si fue un auto golpe o una aventura golpista mal calculada de un General resentido (hasta A\u00f1ez y Camacho se desmarcaron de \u00e9l a pesar de que prometi\u00f3 liberarlos), lo que es innegable, aun cuando la variantes mencionadas sean tan opuestas, es que en los hechos concretos termino siendo un cap\u00edtulo m\u00e1s dentro de la lucha masista por el poder del Estado.<\/p>\n\n\n\n<p>Vale aclarar que no le restamos importancia a lo que significa un intento de golpe de estado, (siempre desde la perspectiva de las organizaciones de la clase obrera y no de las instituciones \u201cdemocr\u00e1ticas\u201d de la burgues\u00eda), pero debe valorarse en qu\u00e9 se apoya para que sea un caso serio. La ausencia de evidencia del imperialismo como agente propulsor, sea organizando directamente, financiando, instruyendo, apoyando, etc. La falta de apoyo de todo sector de la burgues\u00eda nacional, la ausencia de un ambiente social convulsivo (aunque la crisis sea fuerte) donde la peque\u00f1a burgues\u00eda oscila a derecha y la clase obrera queda parcialmente paralizada. La falta de una propaganda impulsada desde los grandes medios. Son todos elementos caracter\u00edsticos que favorecen el intento y el \u00e9xito de un golpe, y cuya inexistencia dieron al acontecimiento una expresi\u00f3n caricaturesca, sea como montaje o como aventura. Y por tanto, es necesario se\u00f1alarlo como un episodio dentro de una pugna en curso de m\u00e1s amplitud.<\/p>\n\n\n\n<p>En todo caso, la facilidad con que un destacamento militar puede tomar el palacio de gobierno ante la mirada at\u00f3nita de la poblaci\u00f3n, se debe a la fragilidad de la cobertura democr\u00e1tica capitalista donde las armas est\u00e1n monopolizadas por las fuerzas represivas. Es decir, el show o la aventura son respectivamente cre\u00edbles o posibles por la naturaleza del capitalismo y no por los fundamentos del caso particular.<\/p>\n\n\n\n<p>Entonces, para que el \u00e1rbol no nos tape el bosque, es importante encontrar la vinculaci\u00f3n entre los destacados acontecimientos.<\/p>\n\n\n\n<p>Hace a\u00f1o y medio escribimos:<\/p>\n\n\n\n<p>En Bolivia no hay alternativas pol\u00edticas para los trabajadores. Todos los partidos responden a diferentes sectores empresariales. Es en este sentido que se deben analizar los conflictos internos del partido de gobierno. El MAS sufre una fractura interna que se hizo p\u00fablica el 3 de septiembre de 2022, cuando Morales denunci\u00f3 que era v\u00edctima de \u201cun plan negro\u201d de parte del Gobierno [\u2026] Por ahora, la debilidad de la oposici\u00f3n \u2014pol\u00edtica y regional\u2014 hace que la disputa se desarrolle en el interior del oficialismo [\u2026] .<\/p>\n\n\n\n<figure class=\"wp-block-embed is-type-wp-embed is-provider-comite-de-enlace-internacional-ior wp-block-embed-comite-de-enlace-internacional-ior\"><div class=\"wp-block-embed__wrapper\">\n<blockquote class=\"wp-embedded-content\" data-secret=\"Es0bGA7NZg\"><a href=\"https:\/\/comitedeenlaceinternacional-ior.com\/index.php\/2023\/07\/22\/bolivia-las-rencillas-politicas-no-tapan-el-bosque\/\">Bolivia: las rencillas pol\u00edticas no tapan el bosque<\/a><\/blockquote><iframe class=\"wp-embedded-content\" sandbox=\"allow-scripts\" security=\"restricted\" style=\"position: absolute; clip: rect(1px, 1px, 1px, 1px);\" title=\"&#8220;Bolivia: las rencillas pol\u00edticas no tapan el bosque&#8221; &#8212; Comite de Enlace Internacional ior\" src=\"https:\/\/comitedeenlaceinternacional-ior.com\/index.php\/2023\/07\/22\/bolivia-las-rencillas-politicas-no-tapan-el-bosque\/embed\/#?secret=IO94rz6lKG#?secret=Es0bGA7NZg\" data-secret=\"Es0bGA7NZg\" width=\"600\" height=\"338\" frameborder=\"0\" marginwidth=\"0\" marginheight=\"0\" scrolling=\"no\"><\/iframe>\n<\/div><\/figure>\n\n\n\n<p>Tanto en ese art\u00edculo de julio de 2023 como en el art\u00edculo <a href=\"https:\/\/causa-obrera.org\/index.php\/2024\/02\/16\/bolivia-tras-12-dias-de-bloqueos-se-instaura-un-cuarto-intermedio\/\">https:\/\/causa-obrera.org\/index.php\/2024\/02\/16\/bolivia-tras-12-dias-de-bloqueos-se-instaura-un-cuarto-intermedio\/<\/a> de febrero de este a\u00f1o, explicamos de forma pormenorizada la lucha interna del MAS y los detalles de la gesti\u00f3n de la crisis por el Gobierno a favor del capitalismo y en contra del pueblo trabajador. Es importante releerlos porque nuestros pron\u00f3sticos de entonces se han ido cumpliendo uno tras otro.<\/p>\n\n\n\n<p><strong>La crisis econ\u00f3mica tras la pugna pol\u00edtica:<\/strong><\/p>\n\n\n\n<p>Si bien todo indica que los renovadores (Arce &#8211; Choquehuanca) est\u00e1n saliendo victoriosos de la pugna masista, esto es solo porque disponen de la maquinaria estatal, el \u00edndice de aprobaci\u00f3n a su mandato es muy bajo. Por eso Arce todav\u00eda no define su candidatura. La mayor\u00eda lo rechaza por su manejo de la crisis econ\u00f3mica, que actualmente se expresa en una aguda escasez de combustibles y d\u00f3lares, y en una creciente inflaci\u00f3n de los bienes de primera necesidad por la devaluaci\u00f3n de la divisa estadounidense. Comenzando diciembre el gobierno debi\u00f3 suspender la exportaci\u00f3n de aceite e intervenir ingenios arroceros para garantizar el consumo interno.<\/p>\n\n\n\n<p>El gobierno ha interrumpido por un a\u00f1o el monopolio estatal de la importaci\u00f3n y venta al por mayor de hidrocarburos, y ha autorizado que estas tareas sean cumplidas por los empresarios privados. Esto lleva a la coexistencia de precios subvencionados con precios internacionales. Los ciudadanos podr\u00e1n comprar el litro di\u00e9sel a 3,7 bolivianos (cuando haya y tras horas de cola), o tendr\u00e1n que pagar aproximadamente 14 bolivianos por litro, es decir cuatro veces m\u00e1s. Es el inicio de un gasolinazo.<\/p>\n\n\n\n<p><strong>Un recuento necesario:<\/strong><\/p>\n\n\n\n<p>Es necesario recalcar varios puntos importantes:<\/p>\n\n\n\n<p>1 \u2013 La crisis pol\u00edtica al interior del MAS es la pugna de sectores burgueses nacionales que succionan al Estado para acumular capital.<\/p>\n\n\n\n<p>2- Como burgues\u00edas de un pa\u00eds de capitalismo atrasado son serviles del imperialismo mundial, testaferros, socios menores, lacayos.<\/p>\n\n\n\n<p>3- El MAS no es un gobierno propio del imperialismo yanqui, pero siempre le aseguro sus ganancias. Tambi\u00e9n protegi\u00f3 los intereses de China (deuda, obra p\u00fablica), Japon (Sumitomo), Alemania (litio), Espa\u00f1a (Repsol), Canad\u00e1 (Panamerican Silver), por nombrar algunos.<\/p>\n\n\n\n<p>A la burgues\u00eda agroindustrial (sojeros, ganaderos, madereros) a pesar de su oposici\u00f3n pol\u00edtica le dio todo, ampliaci\u00f3n de la frontera agr\u00edcola con una tasa de deforestaci\u00f3n de 100mil has anuales (3\u00b0 mayor del mundo), leyes (de chaqueo, legalizaci\u00f3n de desmontes) que favorecieron los incendios de 2019 y de este a\u00f1o que fueron verdaderas cat\u00e1strofes ambientales. Naturalmente A\u00f1ez tambi\u00e9n hizo mucho por este sector, del que es representante directa, en su breve paso por el palacio de gobierno.<\/p>\n\n\n\n<p>2019 demostr\u00f3 que el MAS sigue siendo el partido m\u00e1s conveniente para seguir expoliando al pa\u00eds, porque es el que todav\u00eda mejor puede contener el movimiento de masas.<\/p>\n\n\n\n<p>3- En ese sentido la victimizaci\u00f3n de Arce o de Morales no tiene nada que ver con un ataque del imperialismo como cada uno afirma, porque no tienen nada de anti imperialistas. Cuando vemos veh\u00edculos blindados en plaza Murillo o llover balas a un auto en el que va Evo es f\u00e1cil vender la idea de que esta el imperio yanqui detr\u00e1s de todo, pero es falso. Aunque cada facci\u00f3n del imperialismo tenga siempre sus preferencias y sigan todo atentamente, las balas que est\u00e1n corriendo, aun cuando realmente sean de plomo y no de fogueo, es entre las facciones masistas por definir cu\u00e1l de las dos se va a sentar en el palacio quemado en 2025.<\/p>\n\n\n\n<p>4 \u2013 El pretendido anti imperialismo del MAS fue una serie de d\u00e9biles concesiones a la clase obrera y populares para sofocar su fuego revolucionario que tuvo como apogeo octubre de 2003 en la guerra del gas. El resultado fue salvar al capitalismo de sus crisis.<\/p>\n\n\n\n<p>5 \u2013 Incluso el mayor logro en materia de \u201csoberan\u00eda\u201d, el m\u00e1s publicitado, y por el que m\u00e1s dinero ingreso, fue una falsa nacionalizaci\u00f3n de hidrocarburos. Las 9 transnacionales de tiempos de Goni siguieron operando y dominando la pol\u00edtica hidrocarburifera.<\/p>\n\n\n\n<p>6- El Estado vivi\u00f3 de la renta petrolera, su lema para las petroleras era \u201cexporten m\u00e1s que les conviene a ustedes y nos conviene a nosotros\u201d. A medida que la crisis mundial derrumbaba los precios de las materias primas, el gobierno alentaba cada vez m\u00e1s el extractivismo.<\/p>\n\n\n\n<p>7 El extractivismo tuvo su correlato en la ausencia de exploraci\u00f3n y perforaci\u00f3n. Siempre es m\u00e1s barato llenar barriles y abrir una v\u00e1lvula que buscar reservas. El resultado lo previmos y alertamos hace una d\u00e9cada, las reservas se agotar\u00edan.<\/p>\n\n\n\n<p>8- En definitiva, la crisis econ\u00f3mica actual en Bolivia es producto de la pol\u00edtica capitalista del MAS en el contexto de la crisis capitalista mundial. Pero no capitalista para industrializar creando una fuerte burgues\u00eda nacional, tal perspectiva para un pa\u00eds semi colonial solo existe en los libros de Linera, sino capitalista subordinada al imperialismo, expoliando los recursos naturales.<\/p>\n\n\n\n<p>9 \u2013 Esa crisis se expresa en: a) Crisis energ\u00e9tica, se importa en di\u00e9sel m\u00e1s de lo que se exporta en gas (el 85% del di\u00e9sel consumido en el pa\u00eds es importado, as\u00ed como el 58% de la gasolina). Esto amenaza con una quita de subsidio (gasolinazo) como ya intento infructuosamente el MAS en 2010. En ese entonces un levantamiento espontaneo de la poblaci\u00f3n obligo al gobierno a dar marcha atr\u00e1s en apenas una semana.<\/p>\n\n\n\n<p>b) Deuda externa hist\u00f3rica superior a los 13mil millones de d\u00f3lares. Los agentes de cr\u00e9dito consideran al pa\u00eds un deudor de alto riesgo y por tanto, si se le presta, es a mayor inter\u00e9s. Bolivia ya est\u00e1 en riesgo de caer en default.<\/p>\n\n\n\n<p>c) Deuda interna hist\u00f3rica de 9400 millones de d\u00f3lares; el principal acreedor es el Banco Central (54%) pero el gobierno debe controlar los d\u00f3lares del BCB para que el tipo cambiario no se dispare (hasta ahora subi\u00f3 un 50%, de 7 a 10,5), por eso recurre a la siguiente fuente m\u00e1s jugosa de d\u00f3lares, el fondo de pensiones que fue estatizado y maneja directamente mediante una administradora, al punto que ya abarca el 42% del total. La \u00fanica riqueza que se socializa en Bolivia es la que incluso seg\u00fan la propia ley burguesa es de los trabajadores. Mediante inflaci\u00f3n o devaluaci\u00f3n el Estado nos devolver\u00e1 solo una parte.<\/p>\n\n\n\n<p>d) el d\u00f3lar, si bien freno su alza el \u00faltimo semestre, trepo lo suficiente para llevar al l\u00edmite a la poblaci\u00f3n cuentapropista precarizada, que es mayor\u00eda en el pa\u00eds, porque vive de la venta de productos importados al menudeo y se han encarecido, elevando su costo de compra y reduciendo su demanda.<\/p>\n\n\n\n<p>e) Inflaci\u00f3n. Este 2024 ya es de 7,26%, el doble de lo pronosticado por el gobierno. Suena baja si se la compara por ejemplo con Argentina donde actualmente esa cifra es bimensual, sin embargo hay que considerar que m\u00e1s del 80% de la poblaci\u00f3n trabaja en el sector informal donde no existen ni paritarias ni legislaci\u00f3n laboral como cumplimento del salario m\u00ednimo, mientras que en el sector formal la COB firma acuerdos anuales por lo que la p\u00e9rdida del salario real no tiene ninguna compensaci\u00f3n a lo largo del a\u00f1o.<\/p>\n\n\n\n<p>(Para un an\u00e1lisis m\u00e1s profundo de estos puntos sugerimos leer los art\u00edculos mencionados m\u00e1s arriba)<\/p>\n\n\n\n<p>10- Ninguna de las facciones del MAS, ni ning\u00fan otro partido burgu\u00e9s, es capaz de mitigar los efectos de la crisis, mucho menos cuando estamos a las puertas de una guerra mundial que exponenciar\u00e1 las calamidades que sufrir\u00e1n los pueblos. Un nuevo ciclo de acumulaci\u00f3n capitalista en Bolivia deber\u00e1 pasar previamente por un gasolinazo, o una serie de devaluaciones, o un default, o un robo descarado a los fondos de pensiones o de peque\u00f1os ahorristas, o una combinaci\u00f3n, o incluso todo eso junto.<\/p>\n\n\n\n<p>Para efectuarse ese programa deber\u00e1 vencer primero la resistencia de la clase trabajadora. Aunque haya grandes dificultades, y la primera es la inexistencia de un partido revolucionario, no anticipamos la derrota de nuestra clase ante un programa de ajustes tan brutal, la vanguardia debe organizarse en partido revolucionario porque la salida socialista es la \u00fanica viable para nuestra clase.<\/p>\n\n\n\n<p>11- Por eso, la pugna masista por el poder, no tiene nada que ver con dar soluci\u00f3n a nuestros problemas, su \u00fanico inter\u00e9s es seguir succionando de todos los negocios que el Estado burgu\u00e9s les permita. Pero, como quien gobierne deber\u00e1 continuar aplicando el programa de ajuste en curso, en los hechos aspiran a ser los gobernantes que nos sepulten en una miseria a\u00fan mayor.<\/p>\n\n\n\n<p>12- Es por estas murallas, que el propio sistema cre\u00f3 y que ahora tiene que derribar, que el Estado se prepara para grandes convulsiones sociales, y comienza a hacerlo mediante el discurso. Lo que se critica de Evo, desde todos los medios de comunicaci\u00f3n, desde el gobierno y desde todos los dem\u00e1s partidos pol\u00edticos, e incluso desde la iglesia, no es la hipocres\u00eda repugnante con la que en realidad defiende intereses empresariales, sino sus m\u00e9todos para demostrar su fuerza.<\/p>\n\n\n\n<p>Pero esos m\u00e9todos, bloqueos, huelgas, toma de instituciones, son propios de nuestra clase debido a que luchamos contra un Estado burgu\u00e9s cuya democracia nos impone como v\u00e1lidas solo las v\u00edas muertas que se ajustan a sus libros de contabilidad. Por lo que para imponer nuestros intereses debemos trascender los l\u00edmites de la legalidad burguesa.<\/p>\n\n\n\n<p>Por eso, el propio Morales atac\u00f3 esos m\u00e9todos cuando fue la clase obrera la que los utilizo contra su gobierno (ej 2010 gasolinazo, 2012 en la lucha contra la ley de pensiones). Mientras que los representantes pol\u00edticos de la burgues\u00eda tradicional (agroindustria) no tuvieron empacho en aplaudir esos mismos m\u00e9todos cuando pudieron encabezarlos y dirigirlos contra el gobierno de Evo en 2019 luego del fraude electoral.<\/p>\n\n\n\n<p>Que algunos de nuestros enemigos de clase y\/o sus representantes pol\u00edticos los utilicen de vez en cuando contra otros de nuestros enemigos de clase en el poder, no les resta legitimidad como m\u00e9todos nuestros, al contrario, si los usan es porque son efectivos. Los trabajadores debemos rechazar esa opini\u00f3n p\u00fablica que pretende modelar nuestro comportamiento con prejuicios que la propia burgues\u00eda nunca respeta.<\/p>\n\n\n\n<p>13- Ante la falta de un partido que exprese y defienda los intereses de los trabajadores, toda protesta actual parece orquestada por el evismo. Pero la crisis econ\u00f3mica es fuerte y golpea duro. Al Gobierno y a la oposici\u00f3n de Oriente les conviene se\u00f1alar a Morales como el diablo generador de todos los males, para mejor disimular la gesti\u00f3n de la crisis ajustando al pueblo trabajador. Al evismo tambi\u00e9n le conviene porque esto hace creer que tiene mayor apoyo y fuerza de lo real.<\/p>\n\n\n\n<p>14- En necesario crear el partido revolucionario de los trabajadores en Bolivia, de otro modo el descontento social se canalizara una vez m\u00e1s a trav\u00e9s de alguna de las variantes patronales. Es el fracaso gubernamental ante la crisis capitalista la que revitaliza figuras desgastadas como la de Evo y de los referentes de la burgues\u00eda tradicional, Manfred, &nbsp;Doria Medina, Camacho, Tuto, Costas, Mesa. Como ya dijimos todos ellos est\u00e1n deseosos de ser el pr\u00f3ximo que nos ponga su bota contra el cuello.<\/p>\n\n\n\n<p>15- Solo un partido revolucionario puede hacer que la crisis la paguen quienes la generaron. Pero como se explic\u00f3, no puede ser dentro del capitalismo. Es necesario expropiar los grandes medios de producci\u00f3n. Todas las petroleras, mineras, todo el latifundio. Sin embargo, la revoluci\u00f3n boliviana no tiene perspectiva sino es como rep\u00fablicas socialistas de Am\u00e9rica Latina que combaten por la revoluci\u00f3n mundial. Esto no significa que las revoluciones en los pa\u00edses de la regi\u00f3n deban ser simultaneas, tal cosa es imposible, significa que la clase obrera se debe organizar en un partido internacional y que tan pronto como logre conquistar el poder en alg\u00fan pa\u00eds lo utilice como palanca para apoyar al proletariado de los dem\u00e1s pa\u00edses en su lucha contra el capital por la destrucci\u00f3n del Estado burgu\u00e9s y la creaci\u00f3n de Estados obreros, herramienta necesaria en la lucha por una sociedad socialista mundial que acabe con la explotaci\u00f3n de clase.<\/p>\n\n\n\n<p><strong>Joaco, 18\/12\/24<\/strong><\/p>\n\n\n","protected":false},"excerpt":{"rendered":"<p>Necesitamos construir un partido revolucionario de los trabajadores Los \u201crenovadores\u201d del MAS pasan a la ofensiva contra el evismo: En octubre el evismo considero que era el momento de medir fuerzas con el gobierno. Sostuvo un bloqueo de carreteras durante&#8230;<\/p>\n","protected":false},"author":3,"featured_media":263,"comment_status":"open","ping_status":"open","sticky":true,"template":"","format":"standard","meta":{"om_disable_all_campaigns":false,"_monsterinsights_skip_tracking":false,"_monsterinsights_sitenote_active":false,"_monsterinsights_sitenote_note":"","_monsterinsights_sitenote_category":0,"footnotes":""},"categories":[10],"tags":[],"yoast_head":"<!-- This site is optimized with the Yoast SEO plugin v19.10 - https:\/\/yoast.com\/wordpress\/plugins\/seo\/ -->\n<title>Bolivia: Guerra en el MAS en medio de la profundizaci\u00f3n de la crisis econ\u00f3mica | Comite de Enlace Internacional ior<\/title>\n<meta name=\"robots\" content=\"index, follow, max-snippet:-1, max-image-preview:large, max-video-preview:-1\" \/>\n<link rel=\"canonical\" href=\"https:\/\/comitedeenlaceinternacional-ior.com\/index.php\/2024\/12\/21\/guerra-en-el-mas-en-medio-de-la-profundizacion-de-la-crisis-economica\/\" \/>\n<meta property=\"og:locale\" content=\"es_ES\" \/>\n<meta property=\"og:type\" content=\"article\" \/>\n<meta property=\"og:title\" content=\"Bolivia: Guerra en el MAS en medio de la profundizaci\u00f3n de la crisis econ\u00f3mica | Comite de Enlace Internacional ior\" \/>\n<meta property=\"og:description\" content=\"Necesitamos construir un partido revolucionario de los trabajadores Los \u201crenovadores\u201d del MAS pasan a la ofensiva contra el evismo: En octubre el evismo considero que era el momento de medir fuerzas con el gobierno. Sostuvo un bloqueo de carreteras durante...\" \/>\n<meta property=\"og:url\" content=\"https:\/\/comitedeenlaceinternacional-ior.com\/index.php\/2024\/12\/21\/guerra-en-el-mas-en-medio-de-la-profundizacion-de-la-crisis-economica\/\" \/>\n<meta property=\"og:site_name\" content=\"Comite de Enlace Internacional ior\" \/>\n<meta property=\"article:published_time\" content=\"2024-12-21T11:25:30+00:00\" \/>\n<meta property=\"article:modified_time\" content=\"2024-12-21T11:44:22+00:00\" \/>\n<meta property=\"og:image\" content=\"https:\/\/comitedeenlaceinternacional-ior.com\/wp-content\/uploads\/2024\/12\/boliviana-con-puno.jpeg\" \/>\n\t<meta property=\"og:image:width\" content=\"449\" \/>\n\t<meta property=\"og:image:height\" content=\"220\" \/>\n\t<meta property=\"og:image:type\" content=\"image\/jpeg\" \/>\n<meta name=\"author\" content=\"Antonio-Bormida\" \/>\n<meta name=\"twitter:card\" content=\"summary_large_image\" \/>\n<meta name=\"twitter:label1\" content=\"Escrito por\" \/>\n\t<meta name=\"twitter:data1\" content=\"Antonio-Bormida\" \/>\n\t<meta name=\"twitter:label2\" content=\"Tiempo de lectura\" \/>\n\t<meta name=\"twitter:data2\" content=\"16 minutos\" \/>\n<script type=\"application\/ld+json\" class=\"yoast-schema-graph\">{\"@context\":\"https:\/\/schema.org\",\"@graph\":[{\"@type\":\"Article\",\"@id\":\"https:\/\/comitedeenlaceinternacional-ior.com\/index.php\/2024\/12\/21\/guerra-en-el-mas-en-medio-de-la-profundizacion-de-la-crisis-economica\/#article\",\"isPartOf\":{\"@id\":\"https:\/\/comitedeenlaceinternacional-ior.com\/index.php\/2024\/12\/21\/guerra-en-el-mas-en-medio-de-la-profundizacion-de-la-crisis-economica\/\"},\"author\":{\"name\":\"Antonio-Bormida\",\"@id\":\"https:\/\/comitedeenlaceinternacional-ior.com\/#\/schema\/person\/f075772efef16f8990bedf676dfa4acf\"},\"headline\":\"Bolivia: Guerra en el MAS en medio de la profundizaci\u00f3n de la crisis econ\u00f3mica\",\"datePublished\":\"2024-12-21T11:25:30+00:00\",\"dateModified\":\"2024-12-21T11:44:22+00:00\",\"mainEntityOfPage\":{\"@id\":\"https:\/\/comitedeenlaceinternacional-ior.com\/index.php\/2024\/12\/21\/guerra-en-el-mas-en-medio-de-la-profundizacion-de-la-crisis-economica\/\"},\"wordCount\":3215,\"commentCount\":0,\"publisher\":{\"@id\":\"https:\/\/comitedeenlaceinternacional-ior.com\/#organization\"},\"articleSection\":[\"Am\u00e9rica Latina\"],\"inLanguage\":\"es-AR\",\"potentialAction\":[{\"@type\":\"CommentAction\",\"name\":\"Comment\",\"target\":[\"https:\/\/comitedeenlaceinternacional-ior.com\/index.php\/2024\/12\/21\/guerra-en-el-mas-en-medio-de-la-profundizacion-de-la-crisis-economica\/#respond\"]}]},{\"@type\":\"WebPage\",\"@id\":\"https:\/\/comitedeenlaceinternacional-ior.com\/index.php\/2024\/12\/21\/guerra-en-el-mas-en-medio-de-la-profundizacion-de-la-crisis-economica\/\",\"url\":\"https:\/\/comitedeenlaceinternacional-ior.com\/index.php\/2024\/12\/21\/guerra-en-el-mas-en-medio-de-la-profundizacion-de-la-crisis-economica\/\",\"name\":\"Bolivia: Guerra en el MAS en medio de la profundizaci\u00f3n de la crisis econ\u00f3mica | Comite de Enlace Internacional ior\",\"isPartOf\":{\"@id\":\"https:\/\/comitedeenlaceinternacional-ior.com\/#website\"},\"datePublished\":\"2024-12-21T11:25:30+00:00\",\"dateModified\":\"2024-12-21T11:44:22+00:00\",\"breadcrumb\":{\"@id\":\"https:\/\/comitedeenlaceinternacional-ior.com\/index.php\/2024\/12\/21\/guerra-en-el-mas-en-medio-de-la-profundizacion-de-la-crisis-economica\/#breadcrumb\"},\"inLanguage\":\"es-AR\",\"potentialAction\":[{\"@type\":\"ReadAction\",\"target\":[\"https:\/\/comitedeenlaceinternacional-ior.com\/index.php\/2024\/12\/21\/guerra-en-el-mas-en-medio-de-la-profundizacion-de-la-crisis-economica\/\"]}]},{\"@type\":\"BreadcrumbList\",\"@id\":\"https:\/\/comitedeenlaceinternacional-ior.com\/index.php\/2024\/12\/21\/guerra-en-el-mas-en-medio-de-la-profundizacion-de-la-crisis-economica\/#breadcrumb\",\"itemListElement\":[{\"@type\":\"ListItem\",\"position\":1,\"name\":\"Inicio\",\"item\":\"https:\/\/comitedeenlaceinternacional-ior.com\/\"},{\"@type\":\"ListItem\",\"position\":2,\"name\":\"Bolivia: Guerra en el MAS en medio de la profundizaci\u00f3n de la crisis econ\u00f3mica\"}]},{\"@type\":\"WebSite\",\"@id\":\"https:\/\/comitedeenlaceinternacional-ior.com\/#website\",\"url\":\"https:\/\/comitedeenlaceinternacional-ior.com\/\",\"name\":\"Comite de Enlace Internacional ior\",\"description\":\"Comite de Enlace Internacional ior\",\"publisher\":{\"@id\":\"https:\/\/comitedeenlaceinternacional-ior.com\/#organization\"},\"potentialAction\":[{\"@type\":\"SearchAction\",\"target\":{\"@type\":\"EntryPoint\",\"urlTemplate\":\"https:\/\/comitedeenlaceinternacional-ior.com\/?s={search_term_string}\"},\"query-input\":\"required name=search_term_string\"}],\"inLanguage\":\"es-AR\"},{\"@type\":\"Organization\",\"@id\":\"https:\/\/comitedeenlaceinternacional-ior.com\/#organization\",\"name\":\"Comite de Enlace Internacional ior\",\"url\":\"https:\/\/comitedeenlaceinternacional-ior.com\/\",\"logo\":{\"@type\":\"ImageObject\",\"inLanguage\":\"es-AR\",\"@id\":\"https:\/\/comitedeenlaceinternacional-ior.com\/#\/schema\/logo\/image\/\",\"url\":\"https:\/\/comitedeenlaceinternacional-ior.com\/wp-content\/uploads\/2022\/09\/cropped-comite4.png\",\"contentUrl\":\"https:\/\/comitedeenlaceinternacional-ior.com\/wp-content\/uploads\/2022\/09\/cropped-comite4.png\",\"width\":1273,\"height\":278,\"caption\":\"Comite de Enlace Internacional ior\"},\"image\":{\"@id\":\"https:\/\/comitedeenlaceinternacional-ior.com\/#\/schema\/logo\/image\/\"}},{\"@type\":\"Person\",\"@id\":\"https:\/\/comitedeenlaceinternacional-ior.com\/#\/schema\/person\/f075772efef16f8990bedf676dfa4acf\",\"name\":\"Antonio-Bormida\",\"image\":{\"@type\":\"ImageObject\",\"inLanguage\":\"es-AR\",\"@id\":\"https:\/\/comitedeenlaceinternacional-ior.com\/#\/schema\/person\/image\/\",\"url\":\"https:\/\/secure.gravatar.com\/avatar\/101f61c74ce9a41a22057589785a158d?s=96&d=mm&r=g\",\"contentUrl\":\"https:\/\/secure.gravatar.com\/avatar\/101f61c74ce9a41a22057589785a158d?s=96&d=mm&r=g\",\"caption\":\"Antonio-Bormida\"},\"url\":\"https:\/\/comitedeenlaceinternacional-ior.com\/index.php\/author\/antonio-bormida\/\"}]}<\/script>\n<!-- \/ Yoast SEO plugin. -->","yoast_head_json":{"title":"Bolivia: Guerra en el MAS en medio de la profundizaci\u00f3n de la crisis econ\u00f3mica | Comite de Enlace Internacional ior","robots":{"index":"index","follow":"follow","max-snippet":"max-snippet:-1","max-image-preview":"max-image-preview:large","max-video-preview":"max-video-preview:-1"},"canonical":"https:\/\/comitedeenlaceinternacional-ior.com\/index.php\/2024\/12\/21\/guerra-en-el-mas-en-medio-de-la-profundizacion-de-la-crisis-economica\/","og_locale":"es_ES","og_type":"article","og_title":"Bolivia: Guerra en el MAS en medio de la profundizaci\u00f3n de la crisis econ\u00f3mica | Comite de Enlace Internacional ior","og_description":"Necesitamos construir un partido revolucionario de los trabajadores Los \u201crenovadores\u201d del MAS pasan a la ofensiva contra el evismo: En octubre el evismo considero que era el momento de medir fuerzas con el gobierno. Sostuvo un bloqueo de carreteras durante...","og_url":"https:\/\/comitedeenlaceinternacional-ior.com\/index.php\/2024\/12\/21\/guerra-en-el-mas-en-medio-de-la-profundizacion-de-la-crisis-economica\/","og_site_name":"Comite de Enlace Internacional ior","article_published_time":"2024-12-21T11:25:30+00:00","article_modified_time":"2024-12-21T11:44:22+00:00","og_image":[{"width":449,"height":220,"url":"https:\/\/comitedeenlaceinternacional-ior.com\/wp-content\/uploads\/2024\/12\/boliviana-con-puno.jpeg","type":"image\/jpeg"}],"author":"Antonio-Bormida","twitter_card":"summary_large_image","twitter_misc":{"Escrito por":"Antonio-Bormida","Tiempo de lectura":"16 minutos"},"schema":{"@context":"https:\/\/schema.org","@graph":[{"@type":"Article","@id":"https:\/\/comitedeenlaceinternacional-ior.com\/index.php\/2024\/12\/21\/guerra-en-el-mas-en-medio-de-la-profundizacion-de-la-crisis-economica\/#article","isPartOf":{"@id":"https:\/\/comitedeenlaceinternacional-ior.com\/index.php\/2024\/12\/21\/guerra-en-el-mas-en-medio-de-la-profundizacion-de-la-crisis-economica\/"},"author":{"name":"Antonio-Bormida","@id":"https:\/\/comitedeenlaceinternacional-ior.com\/#\/schema\/person\/f075772efef16f8990bedf676dfa4acf"},"headline":"Bolivia: Guerra en el MAS en medio de la profundizaci\u00f3n de la crisis econ\u00f3mica","datePublished":"2024-12-21T11:25:30+00:00","dateModified":"2024-12-21T11:44:22+00:00","mainEntityOfPage":{"@id":"https:\/\/comitedeenlaceinternacional-ior.com\/index.php\/2024\/12\/21\/guerra-en-el-mas-en-medio-de-la-profundizacion-de-la-crisis-economica\/"},"wordCount":3215,"commentCount":0,"publisher":{"@id":"https:\/\/comitedeenlaceinternacional-ior.com\/#organization"},"articleSection":["Am\u00e9rica Latina"],"inLanguage":"es-AR","potentialAction":[{"@type":"CommentAction","name":"Comment","target":["https:\/\/comitedeenlaceinternacional-ior.com\/index.php\/2024\/12\/21\/guerra-en-el-mas-en-medio-de-la-profundizacion-de-la-crisis-economica\/#respond"]}]},{"@type":"WebPage","@id":"https:\/\/comitedeenlaceinternacional-ior.com\/index.php\/2024\/12\/21\/guerra-en-el-mas-en-medio-de-la-profundizacion-de-la-crisis-economica\/","url":"https:\/\/comitedeenlaceinternacional-ior.com\/index.php\/2024\/12\/21\/guerra-en-el-mas-en-medio-de-la-profundizacion-de-la-crisis-economica\/","name":"Bolivia: Guerra en el MAS en medio de la profundizaci\u00f3n de la crisis econ\u00f3mica | Comite de Enlace Internacional ior","isPartOf":{"@id":"https:\/\/comitedeenlaceinternacional-ior.com\/#website"},"datePublished":"2024-12-21T11:25:30+00:00","dateModified":"2024-12-21T11:44:22+00:00","breadcrumb":{"@id":"https:\/\/comitedeenlaceinternacional-ior.com\/index.php\/2024\/12\/21\/guerra-en-el-mas-en-medio-de-la-profundizacion-de-la-crisis-economica\/#breadcrumb"},"inLanguage":"es-AR","potentialAction":[{"@type":"ReadAction","target":["https:\/\/comitedeenlaceinternacional-ior.com\/index.php\/2024\/12\/21\/guerra-en-el-mas-en-medio-de-la-profundizacion-de-la-crisis-economica\/"]}]},{"@type":"BreadcrumbList","@id":"https:\/\/comitedeenlaceinternacional-ior.com\/index.php\/2024\/12\/21\/guerra-en-el-mas-en-medio-de-la-profundizacion-de-la-crisis-economica\/#breadcrumb","itemListElement":[{"@type":"ListItem","position":1,"name":"Inicio","item":"https:\/\/comitedeenlaceinternacional-ior.com\/"},{"@type":"ListItem","position":2,"name":"Bolivia: Guerra en el MAS en medio de la profundizaci\u00f3n de la crisis econ\u00f3mica"}]},{"@type":"WebSite","@id":"https:\/\/comitedeenlaceinternacional-ior.com\/#website","url":"https:\/\/comitedeenlaceinternacional-ior.com\/","name":"Comite de Enlace Internacional ior","description":"Comite de Enlace Internacional ior","publisher":{"@id":"https:\/\/comitedeenlaceinternacional-ior.com\/#organization"},"potentialAction":[{"@type":"SearchAction","target":{"@type":"EntryPoint","urlTemplate":"https:\/\/comitedeenlaceinternacional-ior.com\/?s={search_term_string}"},"query-input":"required name=search_term_string"}],"inLanguage":"es-AR"},{"@type":"Organization","@id":"https:\/\/comitedeenlaceinternacional-ior.com\/#organization","name":"Comite de Enlace Internacional ior","url":"https:\/\/comitedeenlaceinternacional-ior.com\/","logo":{"@type":"ImageObject","inLanguage":"es-AR","@id":"https:\/\/comitedeenlaceinternacional-ior.com\/#\/schema\/logo\/image\/","url":"https:\/\/comitedeenlaceinternacional-ior.com\/wp-content\/uploads\/2022\/09\/cropped-comite4.png","contentUrl":"https:\/\/comitedeenlaceinternacional-ior.com\/wp-content\/uploads\/2022\/09\/cropped-comite4.png","width":1273,"height":278,"caption":"Comite de Enlace Internacional ior"},"image":{"@id":"https:\/\/comitedeenlaceinternacional-ior.com\/#\/schema\/logo\/image\/"}},{"@type":"Person","@id":"https:\/\/comitedeenlaceinternacional-ior.com\/#\/schema\/person\/f075772efef16f8990bedf676dfa4acf","name":"Antonio-Bormida","image":{"@type":"ImageObject","inLanguage":"es-AR","@id":"https:\/\/comitedeenlaceinternacional-ior.com\/#\/schema\/person\/image\/","url":"https:\/\/secure.gravatar.com\/avatar\/101f61c74ce9a41a22057589785a158d?s=96&d=mm&r=g","contentUrl":"https:\/\/secure.gravatar.com\/avatar\/101f61c74ce9a41a22057589785a158d?s=96&d=mm&r=g","caption":"Antonio-Bormida"},"url":"https:\/\/comitedeenlaceinternacional-ior.com\/index.php\/author\/antonio-bormida\/"}]}},"_links":{"self":[{"href":"https:\/\/comitedeenlaceinternacional-ior.com\/index.php\/wp-json\/wp\/v2\/posts\/262"}],"collection":[{"href":"https:\/\/comitedeenlaceinternacional-ior.com\/index.php\/wp-json\/wp\/v2\/posts"}],"about":[{"href":"https:\/\/comitedeenlaceinternacional-ior.com\/index.php\/wp-json\/wp\/v2\/types\/post"}],"author":[{"embeddable":true,"href":"https:\/\/comitedeenlaceinternacional-ior.com\/index.php\/wp-json\/wp\/v2\/users\/3"}],"replies":[{"embeddable":true,"href":"https:\/\/comitedeenlaceinternacional-ior.com\/index.php\/wp-json\/wp\/v2\/comments?post=262"}],"version-history":[{"count":2,"href":"https:\/\/comitedeenlaceinternacional-ior.com\/index.php\/wp-json\/wp\/v2\/posts\/262\/revisions"}],"predecessor-version":[{"id":273,"href":"https:\/\/comitedeenlaceinternacional-ior.com\/index.php\/wp-json\/wp\/v2\/posts\/262\/revisions\/273"}],"wp:featuredmedia":[{"embeddable":true,"href":"https:\/\/comitedeenlaceinternacional-ior.com\/index.php\/wp-json\/wp\/v2\/media\/263"}],"wp:attachment":[{"href":"https:\/\/comitedeenlaceinternacional-ior.com\/index.php\/wp-json\/wp\/v2\/media?parent=262"}],"wp:term":[{"taxonomy":"category","embeddable":true,"href":"https:\/\/comitedeenlaceinternacional-ior.com\/index.php\/wp-json\/wp\/v2\/categories?post=262"},{"taxonomy":"post_tag","embeddable":true,"href":"https:\/\/comitedeenlaceinternacional-ior.com\/index.php\/wp-json\/wp\/v2\/tags?post=262"}],"curies":[{"name":"wp","href":"https:\/\/api.w.org\/{rel}","templated":true}]}}